{"id":43265,"date":"2021-06-30T07:09:33","date_gmt":"2021-06-30T07:09:33","guid":{"rendered":"https:\/\/stage.dst.deutsche-schule.eu\/?p=43265"},"modified":"2021-07-11T04:43:19","modified_gmt":"2021-07-11T04:43:19","slug":"despedida-de-cathy-clarke","status":"publish","type":"post","link":"https:\/\/staging.dst.deutsche-schule.eu\/es\/despedida-de-cathy-clarke\/","title":{"rendered":"Despedida de Cathy Clarke"},"content":{"rendered":"<p>Tras 25 a\u00f1os en el colegio hemos despedido a Cathy Clarke. Recibi\u00f3, entre otros regalos, un libro que realizaron los compa\u00f1eros de manera individual con mucho cari\u00f1o y un vale para una celebraci\u00f3n con todos en cuanto vuelva a ser posible. \u00a1\u00a1Te deseamos lo mejor!!<\/p>\n<p><a href=\"https:\/\/stage.dst.deutsche-schule.eu\/wp-content\/uploads\/2021\/07\/Abschied_Cathy_Clarke_IMG-20210630-WA0006-1.jpg\"><img fetchpriority=\"high\" decoding=\"async\" class=\"aligncenter wp-image-43259 size-medium\" src=\"https:\/\/stage.dst.deutsche-schule.eu\/wp-content\/uploads\/2021\/07\/Abschied_Cathy_Clarke_IMG-20210630-WA0006-1-564x423.jpg\" alt=\"\" width=\"564\" height=\"423\" srcset=\"https:\/\/staging.dst.deutsche-schule.eu\/wp-content\/uploads\/2021\/07\/Abschied_Cathy_Clarke_IMG-20210630-WA0006-1-564x423.jpg 564w, https:\/\/staging.dst.deutsche-schule.eu\/wp-content\/uploads\/2021\/07\/Abschied_Cathy_Clarke_IMG-20210630-WA0006-1-960x720.jpg 960w, https:\/\/staging.dst.deutsche-schule.eu\/wp-content\/uploads\/2021\/07\/Abschied_Cathy_Clarke_IMG-20210630-WA0006-1-768x576.jpg 768w, https:\/\/staging.dst.deutsche-schule.eu\/wp-content\/uploads\/2021\/07\/Abschied_Cathy_Clarke_IMG-20210630-WA0006-1-1536x1152.jpg 1536w, https:\/\/staging.dst.deutsche-schule.eu\/wp-content\/uploads\/2021\/07\/Abschied_Cathy_Clarke_IMG-20210630-WA0006-1-320x240.jpg 320w, https:\/\/staging.dst.deutsche-schule.eu\/wp-content\/uploads\/2021\/07\/Abschied_Cathy_Clarke_IMG-20210630-WA0006-1.jpg 2000w\" sizes=\"(max-width: 564px) 100vw, 564px\" \/><\/a><\/p>\n<p><a href=\"https:\/\/stage.dst.deutsche-schule.eu\/wp-content\/uploads\/2021\/07\/Abschied_Cathy_Clarke_IMG-20210630-WA0005-1.jpg\"><img decoding=\"async\" class=\"aligncenter wp-image-43257 size-medium\" src=\"https:\/\/stage.dst.deutsche-schule.eu\/wp-content\/uploads\/2021\/07\/Abschied_Cathy_Clarke_IMG-20210630-WA0005-1-317x423.jpg\" alt=\"\" width=\"317\" height=\"423\" srcset=\"https:\/\/staging.dst.deutsche-schule.eu\/wp-content\/uploads\/2021\/07\/Abschied_Cathy_Clarke_IMG-20210630-WA0005-1-317x423.jpg 317w, https:\/\/staging.dst.deutsche-schule.eu\/wp-content\/uploads\/2021\/07\/Abschied_Cathy_Clarke_IMG-20210630-WA0005-1-540x720.jpg 540w, https:\/\/staging.dst.deutsche-schule.eu\/wp-content\/uploads\/2021\/07\/Abschied_Cathy_Clarke_IMG-20210630-WA0005-1-768x1024.jpg 768w, https:\/\/staging.dst.deutsche-schule.eu\/wp-content\/uploads\/2021\/07\/Abschied_Cathy_Clarke_IMG-20210630-WA0005-1-1152x1536.jpg 1152w, https:\/\/staging.dst.deutsche-schule.eu\/wp-content\/uploads\/2021\/07\/Abschied_Cathy_Clarke_IMG-20210630-WA0005-1-320x427.jpg 320w, https:\/\/staging.dst.deutsche-schule.eu\/wp-content\/uploads\/2021\/07\/Abschied_Cathy_Clarke_IMG-20210630-WA0005-1.jpg 1500w\" sizes=\"(max-width: 317px) 100vw, 317px\" \/><\/a> <\/p>\n<p><a href=\"https:\/\/stage.dst.deutsche-schule.eu\/wp-content\/uploads\/2021\/07\/Abschied_Cathy_Clarke_IMG-20210630-WA0004-1.jpg\"><img decoding=\"async\" class=\"aligncenter wp-image-43255 size-medium\" src=\"https:\/\/stage.dst.deutsche-schule.eu\/wp-content\/uploads\/2021\/07\/Abschied_Cathy_Clarke_IMG-20210630-WA0004-1-564x423.jpg\" alt=\"\" width=\"564\" height=\"423\" srcset=\"https:\/\/staging.dst.deutsche-schule.eu\/wp-content\/uploads\/2021\/07\/Abschied_Cathy_Clarke_IMG-20210630-WA0004-1-564x423.jpg 564w, https:\/\/staging.dst.deutsche-schule.eu\/wp-content\/uploads\/2021\/07\/Abschied_Cathy_Clarke_IMG-20210630-WA0004-1-960x720.jpg 960w, https:\/\/staging.dst.deutsche-schule.eu\/wp-content\/uploads\/2021\/07\/Abschied_Cathy_Clarke_IMG-20210630-WA0004-1-768x576.jpg 768w, https:\/\/staging.dst.deutsche-schule.eu\/wp-content\/uploads\/2021\/07\/Abschied_Cathy_Clarke_IMG-20210630-WA0004-1-1536x1152.jpg 1536w, https:\/\/staging.dst.deutsche-schule.eu\/wp-content\/uploads\/2021\/07\/Abschied_Cathy_Clarke_IMG-20210630-WA0004-1-320x240.jpg 320w, https:\/\/staging.dst.deutsche-schule.eu\/wp-content\/uploads\/2021\/07\/Abschied_Cathy_Clarke_IMG-20210630-WA0004-1.jpg 2000w\" sizes=\"(max-width: 564px) 100vw, 564px\" \/><\/a><\/p>\n<p>&nbsp;<\/p>\n","protected":false},"excerpt":{"rendered":"<p>Tras 25 a\u00f1os en el colegio hemos despedido a Cathy Clarke. Recibi\u00f3, entre otros regalos, un [&hellip;]<\/p>\n","protected":false},"author":15,"featured_media":43262,"comment_status":"closed","ping_status":"closed","sticky":false,"template":"","format":"standard","meta":{"site-sidebar-layout":"default","site-content-layout":"default","ast-site-content-layout":"default","site-content-style":"default","site-sidebar-style":"default","ast-global-header-display":"","ast-banner-title-visibility":"","ast-main-header-display":"","ast-hfb-above-header-display":"","ast-hfb-below-header-display":"","ast-hfb-mobile-header-display":"","site-post-title":"","ast-breadcrumbs-content":"","ast-featured-img":"","footer-sml-layout":"","ast-disable-related-posts":"","theme-transparent-header-meta":"default","adv-header-id-meta":"","stick-header-meta":"default","header-above-stick-meta":"","header-main-stick-meta":"","header-below-stick-meta":"","astra-migrate-meta-layouts":"default","ast-page-background-enabled":"default","ast-page-background-meta":{"desktop":{"background-color":"","background-image":"","background-repeat":"repeat","background-position":"center center","background-size":"auto","background-attachment":"scroll","background-type":"","background-media":"","overlay-type":"","overlay-color":"","overlay-opacity":"","overlay-gradient":""},"tablet":{"background-color":"","background-image":"","background-repeat":"repeat","background-position":"center center","background-size":"auto","background-attachment":"scroll","background-type":"","background-media":"","overlay-type":"","overlay-color":"","overlay-opacity":"","overlay-gradient":""},"mobile":{"background-color":"","background-image":"","background-repeat":"repeat","background-position":"center center","background-size":"auto","background-attachment":"scroll","background-type":"","background-media":"","overlay-type":"","overlay-color":"","overlay-opacity":"","overlay-gradient":""}},"ast-content-background-meta":{"desktop":{"background-color":"var(--ast-global-color-5)","background-image":"","background-repeat":"repeat","background-position":"center center","background-size":"auto","background-attachment":"scroll","background-type":"","background-media":"","overlay-type":"","overlay-color":"","overlay-opacity":"","overlay-gradient":""},"tablet":{"background-color":"var(--ast-global-color-5)","background-image":"","background-repeat":"repeat","background-position":"center center","background-size":"auto","background-attachment":"scroll","background-type":"","background-media":"","overlay-type":"","overlay-color":"","overlay-opacity":"","overlay-gradient":""},"mobile":{"background-color":"var(--ast-global-color-5)","background-image":"","background-repeat":"repeat","background-position":"center center","background-size":"auto","background-attachment":"scroll","background-type":"","background-media":"","overlay-type":"","overlay-color":"","overlay-opacity":"","overlay-gradient":""}},"_jet_sm_ready_style":"","_jet_sm_style":"","_jet_sm_controls_values":"","_jet_sm_fonts_collection":"","_jet_sm_fonts_links":"","footnotes":""},"categories":[28,133],"tags":[],"schlagwortedst":[],"class_list":["post-43265","post","type-post","status-publish","format-standard","has-post-thumbnail","hentry","category-colegio","category-secundaria-es"],"_links":{"self":[{"href":"https:\/\/staging.dst.deutsche-schule.eu\/es\/wp-json\/wp\/v2\/posts\/43265","targetHints":{"allow":["GET"]}}],"collection":[{"href":"https:\/\/staging.dst.deutsche-schule.eu\/es\/wp-json\/wp\/v2\/posts"}],"about":[{"href":"https:\/\/staging.dst.deutsche-schule.eu\/es\/wp-json\/wp\/v2\/types\/post"}],"author":[{"embeddable":true,"href":"https:\/\/staging.dst.deutsche-schule.eu\/es\/wp-json\/wp\/v2\/users\/15"}],"replies":[{"embeddable":true,"href":"https:\/\/staging.dst.deutsche-schule.eu\/es\/wp-json\/wp\/v2\/comments?post=43265"}],"version-history":[{"count":2,"href":"https:\/\/staging.dst.deutsche-schule.eu\/es\/wp-json\/wp\/v2\/posts\/43265\/revisions"}],"predecessor-version":[{"id":43267,"href":"https:\/\/staging.dst.deutsche-schule.eu\/es\/wp-json\/wp\/v2\/posts\/43265\/revisions\/43267"}],"wp:featuredmedia":[{"embeddable":true,"href":"https:\/\/staging.dst.deutsche-schule.eu\/es\/wp-json\/wp\/v2\/media\/43262"}],"wp:attachment":[{"href":"https:\/\/staging.dst.deutsche-schule.eu\/es\/wp-json\/wp\/v2\/media?parent=43265"}],"wp:term":[{"taxonomy":"category","embeddable":true,"href":"https:\/\/staging.dst.deutsche-schule.eu\/es\/wp-json\/wp\/v2\/categories?post=43265"},{"taxonomy":"post_tag","embeddable":true,"href":"https:\/\/staging.dst.deutsche-schule.eu\/es\/wp-json\/wp\/v2\/tags?post=43265"},{"taxonomy":"schlagwortedst","embeddable":true,"href":"https:\/\/staging.dst.deutsche-schule.eu\/es\/wp-json\/wp\/v2\/schlagwortedst?post=43265"}],"curies":[{"name":"wp","href":"https:\/\/api.w.org\/{rel}","templated":true}]}}